{"id":3720,"date":"2026-09-04T09:46:52","date_gmt":"2026-09-04T07:46:52","guid":{"rendered":"https:\/\/bakpakarchitects.com\/?p=3720"},"modified":"2026-09-04T10:14:43","modified_gmt":"2026-09-04T08:14:43","slug":"bakpak-en-av-monografias-285-286-vivienda-nueva","status":"publish","type":"post","link":"https:\/\/bakpakarchitects.com\/en\/bakpak-en-av-monografias-285-286-vivienda-nueva\/","title":{"rendered":"Bakpak en AV Monograf\u00edas 285-286 Vivienda Nueva"},"content":{"rendered":"<p class=\"wp-block-paragraph\"><strong>La revista Arquitectura Viva dedica ocho p\u00e1ginas a Oceanika en su n\u00famero 285-286 de AV Monograf\u00edas, una edici\u00f3n de 2026 dedicada a la vivienda nueva.<\/strong> La publicaci\u00f3n recoge en profundidad el proyecto de coliving de Bakpak en Torremolinos (M\u00e1laga), a trav\u00e9s de una selecci\u00f3n de fotograf\u00edas y documentaci\u00f3n gr\u00e1fica que permite conocer el proyecto en sus distintas escalas.<\/p>\n\n\n\n<p class=\"wp-block-paragraph\">La publicaci\u00f3n en <strong>AV Monograf\u00edas<\/strong>, una de las referencias editoriales internacionales en el \u00e1mbito de la arquitectura, se suma a la presencia de Oceanika en otras publicaciones especializadas, tanto nacionales como internacionales. El proyecto ha sido recogido tambi\u00e9n por <strong><a href=\"https:\/\/bakpakarchitects.com\/en\/oceanika-en-la-revista-on-diseno\/\">On Dise\u00f1o<\/a><\/strong> y <strong><a href=\"https:\/\/www.metalocus.es\/es\/noticias\/una-yuxtaposicion-de-unidades-residenciales-oceanika-coliving-por-bakpak-eovastudio\" target=\"_blank\" rel=\"noopener\">Metalocus<\/a><\/strong>, as\u00ed como por publicaciones internacionales como <em>Progettare per la Sanit\u00e0<\/em> y prensa convencional como ABC y Diario de Sevilla.<\/p>\n\n\n\n<p class=\"wp-block-paragraph\">Esta trayectoria editorial acompa\u00f1a a una importante lista de reconocimientos obtenidos por el proyecto. Oceanika, que fue <strong><a href=\"https:\/\/bakpakarchitects.com\/en\/oceanika-exhibited-at-the-venice-2025-biennale\/\">exhibited at the Venice Architecture Biennale<\/a><\/strong> 2025, ha recibido un <strong><a href=\"https:\/\/bakpakarchitects.com\/en\/bakpak-wins-the-amad-wood-architecture-award-for-oceanika\/\">Premio AMAD<\/a><\/strong>, ha sido <strong><a href=\"https:\/\/bakpakarchitects.com\/en\/oceanika-finalista-premios-fad-2026\/\">finalista en los Premios FAD<\/a><\/strong>, seleccionado en los <strong>Premios CSCAE<\/strong>, tiene un <strong><a href=\"https:\/\/bakpakarchitects.com\/en\/premio-y-accesit-para-oceanika-en-los-premios-malaga-de-arquitectura\/\">Premio y un Acc\u00e9sit en los Premios M\u00e1laga de Arquitectura<\/a><\/strong>, un <strong><a href=\"https:\/\/bakpakarchitects.com\/en\/our-oceanika-project-awarded-in-rebuild-2025-a-shared-vision-towards-a-more-sustainable-architecture\/\">Premio Rebuild<\/a><\/strong> y otro de <strong><a href=\"https:\/\/bakpakarchitects.com\/en\/bakpak-wins-the-expoconstruye-2025-award-in-the-category-sustainable-project\/\">Expoconstruye<\/a><\/strong>. Adem\u00e1s, m\u00e1s recientemente, ha sido seleccionado como <strong>finalista en los VIII Premios Egurtek de Arquitectura y Construcci\u00f3n en Madera<\/strong>, cuyo fallo se conocer\u00e1 el pr\u00f3ximo 28 de octubre en Bilbao Exhibition Centre.<\/p>\n\n\n\n<p class=\"wp-block-paragraph\">Estos reconocimientos y su creciente presencia en publicaciones especializadas consolidan la trayectoria de Oceanika, un proyecto que <strong>explora nuevas formas de habitar y apuesta por la construcci\u00f3n industrializada en madera como herramienta para una arquitectura m\u00e1s sostenible, eficiente y adaptada a las necesidades contempor\u00e1neas<\/strong>.<\/p>\n\n\n\n<figure class=\"wp-block-video\"><video height=\"1080\" style=\"aspect-ratio: 1920 \/ 1080;\" width=\"1920\" controls src=\"https:\/\/bakpakarchitects.com\/wp-content\/uploads\/2026\/09\/Bakpak-en-AV.mp4\"><\/video><\/figure>\n\n\n\n<p class=\"wp-block-paragraph\"><strong>Ficha del proyecto<\/strong><\/p>\n\n\n\n<p class=\"wp-block-paragraph\"><strong>Oceanika.<\/strong> Torremolinos, M\u00e1laga. Espa\u00f1a.<\/p>\n\n\n\n<p class=\"wp-block-paragraph\"><strong>Autores:<\/strong> Bakpak + EOVA Studio<\/p>\n\n\n\n<p class=\"wp-block-paragraph\"><strong>Promotora:<\/strong> Nuovit<\/p>\n\n\n\n<p class=\"wp-block-paragraph\"><strong>Fot\u00f3grafos:<\/strong> Jes\u00fas Callejas (Edificio terminado) y Fernando Alda (Edificio en construcci\u00f3n).<\/p>\n\n\n\n<p class=\"wp-block-paragraph\"><strong>Ingenier\u00eda:<\/strong> ARPE Instalaciones y CD Ingenier\u00eda (instalaciones), Estudio Duarte Asociados S.L.P. (estructuras).<\/p>\n\n\n\n<p class=\"wp-block-paragraph\"><strong>Construcci\u00f3n:<\/strong> Erysan y Egoin.<\/p>\n\n\n\n<p class=\"wp-block-paragraph\"><strong>Empresa contratista:<\/strong> Egoin S.A.<\/p>\n\n\n\n<p class=\"wp-block-paragraph\"><strong>Paisajismo:<\/strong> Nomad Garden S.l,<\/p>\n\n\n\n<p class=\"wp-block-paragraph\"><strong>Instalaci\u00f3n de ba\u00f1os:<\/strong> Eoss &#8211; Evolution Offsite System,<\/p>\n\n\n\n<p class=\"wp-block-paragraph\"><strong>Consultor\u00eda ac\u00fastica:<\/strong> Acustics Ambient Sl,<\/p>\n\n\n\n<p class=\"wp-block-paragraph\"><strong>Propietario y operador:<\/strong>&nbsp;Kategora Real State.<\/p>","protected":false},"excerpt":{"rendered":"<p>La revista Arquitectura Viva dedica ocho p\u00e1ginas a Oceanika en su n\u00famero 285-286 de AV Monograf\u00edas, una edici\u00f3n de 2026 dedicada a la vivienda nueva. La publicaci\u00f3n recoge en profundidad el proyecto de coliving de Bakpak en Torremolinos (M\u00e1laga), a trav\u00e9s de una selecci\u00f3n de fotograf\u00edas y documentaci\u00f3n gr\u00e1fica que permite conocer el proyecto en [&hellip;]<\/p>\n","protected":false},"author":7,"featured_media":3721,"comment_status":"closed","ping_status":"open","sticky":false,"template":"","format":"standard","meta":{"_acf_changed":false,"inline_featured_image":false,"footnotes":""},"categories":[30,27],"tags":[],"class_list":["post-3720","post","type-post","status-publish","format-standard","has-post-thumbnail","hentry","category-publicaciones","category-news"],"acf":[],"_links":{"self":[{"href":"https:\/\/bakpakarchitects.com\/en\/wp-json\/wp\/v2\/posts\/3720","targetHints":{"allow":["GET"]}}],"collection":[{"href":"https:\/\/bakpakarchitects.com\/en\/wp-json\/wp\/v2\/posts"}],"about":[{"href":"https:\/\/bakpakarchitects.com\/en\/wp-json\/wp\/v2\/types\/post"}],"author":[{"embeddable":true,"href":"https:\/\/bakpakarchitects.com\/en\/wp-json\/wp\/v2\/users\/7"}],"replies":[{"embeddable":true,"href":"https:\/\/bakpakarchitects.com\/en\/wp-json\/wp\/v2\/comments?post=3720"}],"version-history":[{"count":2,"href":"https:\/\/bakpakarchitects.com\/en\/wp-json\/wp\/v2\/posts\/3720\/revisions"}],"predecessor-version":[{"id":3730,"href":"https:\/\/bakpakarchitects.com\/en\/wp-json\/wp\/v2\/posts\/3720\/revisions\/3730"}],"wp:featuredmedia":[{"embeddable":true,"href":"https:\/\/bakpakarchitects.com\/en\/wp-json\/wp\/v2\/media\/3721"}],"wp:attachment":[{"href":"https:\/\/bakpakarchitects.com\/en\/wp-json\/wp\/v2\/media?parent=3720"}],"wp:term":[{"taxonomy":"category","embeddable":true,"href":"https:\/\/bakpakarchitects.com\/en\/wp-json\/wp\/v2\/categories?post=3720"},{"taxonomy":"post_tag","embeddable":true,"href":"https:\/\/bakpakarchitects.com\/en\/wp-json\/wp\/v2\/tags?post=3720"}],"curies":[{"name":"wp","href":"https:\/\/api.w.org\/{rel}","templated":true}]}}