{"id":3709,"date":"2026-05-23T16:37:02","date_gmt":"2026-05-23T14:37:02","guid":{"rendered":"https:\/\/bakpakarchitects.com\/?p=3709"},"modified":"2026-09-04T10:10:04","modified_gmt":"2026-09-04T08:10:04","slug":"oceanika-en-la-revista-on-diseno","status":"publish","type":"post","link":"https:\/\/bakpakarchitects.com\/en\/oceanika-en-la-revista-on-diseno\/","title":{"rendered":"Oceanika en la revista On Dise\u00f1o"},"content":{"rendered":"<p class=\"wp-block-paragraph\"><strong>Oceanika forma parte de la edici\u00f3n especial de On Dise\u00f1o dedicada a los Premios FAD 2026<\/strong>, una publicaci\u00f3n que re\u00fane una selecci\u00f3n de los proyectos m\u00e1s destacados que han formado parte de esta edici\u00f3n de los prestigiosos premios de arquitectura y dise\u00f1o.<\/p>\n\n\n\n<p class=\"wp-block-paragraph\">La publicaci\u00f3n permite acercarse a Oceanika a trav\u00e9s de su documentaci\u00f3n gr\u00e1fica y fotograf\u00edas, mostrando un proyecto que explora nuevas formas de habitar y construir a partir de un modelo de coliving que combina espacios privados con una amplia variedad de zonas comunes.<\/p>\n\n\n\n<p class=\"wp-block-paragraph\">La presencia en este n\u00famero especial de <strong>On Dise\u00f1o<\/strong>, una de las publicaciones espa\u00f1olas de referencia en arquitectura, interiorismo y dise\u00f1o, se suma a la trayectoria editorial de Bakpak y especialmente de Oceanika, que tambi\u00e9n ha sido publicada en <strong>AV Monograf\u00edas<\/strong>, <em>Metalocus<\/em> y <em>Progettare per la Sanit\u00e0<\/em>, adem\u00e1s de haber sido recogida por medios generalistas como <em>ABC<\/em> y <em>Diario de Sevilla<\/em>.<\/p>\n\n\n\n<p class=\"wp-block-paragraph\">Esta trayectoria editorial acompa\u00f1a a una lista de premios y reconocimientos obtenidos por este proyecto, que adem\u00e1s fue <strong><a href=\"https:\/\/bakpakarchitects.com\/en\/oceanika-exhibited-at-the-venice-2025-biennale\/\">exhibited at the Venice Architecture Biennale<\/a><\/strong> 2025. As\u00ed, ha recibido ul <strong><a href=\"https:\/\/bakpakarchitects.com\/en\/bakpak-wins-the-amad-wood-architecture-award-for-oceanika\/\">Premio AMAD<\/a><\/strong>, ha sido <strong><a href=\"https:\/\/bakpakarchitects.com\/en\/oceanika-finalista-premios-fad-2026\/\">finalista en los Premios FAD<\/a><\/strong>, seleccionado en los <strong>Premios CSCAE<\/strong>, tiene un <strong><a href=\"https:\/\/bakpakarchitects.com\/en\/premio-y-accesit-para-oceanika-en-los-premios-malaga-de-arquitectura\/\">Premio y un Acc\u00e9sit en los Premios M\u00e1laga de Arquitectura<\/a><\/strong>, un <strong><a href=\"https:\/\/bakpakarchitects.com\/en\/our-oceanika-project-awarded-in-rebuild-2025-a-shared-vision-towards-a-more-sustainable-architecture\/\">Premio Rebuild<\/a><\/strong> y otro de <strong><a href=\"https:\/\/bakpakarchitects.com\/en\/bakpak-wins-the-expoconstruye-2025-award-in-the-category-sustainable-project\/\">Expoconstruye<\/a><\/strong>. Adem\u00e1s, m\u00e1s recientemente, ha sido seleccionado como <strong>finalista en los VIII Premios Egurtek de Arquitectura y Construcci\u00f3n en Madera<\/strong>, cuyo fallo se conocer\u00e1 el pr\u00f3ximo 28 de octubre en Bilbao Exhibition Centre.<\/p>\n\n\n\n<figure class=\"wp-block-video\"><video height=\"1080\" style=\"aspect-ratio: 1920 \/ 1080;\" width=\"1920\" controls src=\"https:\/\/bakpakarchitects.com\/wp-content\/uploads\/2026\/05\/Bakpak-en-On-Diseno.mp4\"><\/video><\/figure>\n\n\n\n<p class=\"wp-block-paragraph\"><strong>Ficha del proyecto<\/strong><\/p>\n\n\n\n<p class=\"wp-block-paragraph\"><strong>Oceanika.<\/strong> Torremolinos, M\u00e1laga. Espa\u00f1a.<\/p>\n\n\n\n<p class=\"wp-block-paragraph\"><strong>Autores:<\/strong> Bakpak + EOVA Studio<\/p>\n\n\n\n<p class=\"wp-block-paragraph\"><strong>Promotora:<\/strong> Nuovit<\/p>\n\n\n\n<p class=\"wp-block-paragraph\"><strong>Fot\u00f3grafos:<\/strong> Jes\u00fas Callejas (Edificio terminado) y Fernando Alda (Edificio en construcci\u00f3n).<\/p>\n\n\n\n<p class=\"wp-block-paragraph\"><strong>Ingenier\u00eda:<\/strong> ARPE Instalaciones y CD Ingenier\u00eda (instalaciones), Estudio Duarte Asociados S.L.P. (estructuras).<\/p>\n\n\n\n<p class=\"wp-block-paragraph\"><strong>Construcci\u00f3n:<\/strong> Erysan y Egoin.<\/p>\n\n\n\n<p class=\"wp-block-paragraph\"><strong>Empresa contratista:<\/strong> Egoin S.A.<\/p>\n\n\n\n<p class=\"wp-block-paragraph\"><strong>Paisajismo:<\/strong> Nomad Garden S.l,<\/p>\n\n\n\n<p class=\"wp-block-paragraph\"><strong>Instalaci\u00f3n de ba\u00f1os:<\/strong> Eoss &#8211; Evolution Offsite System,<\/p>\n\n\n\n<p class=\"wp-block-paragraph\"><strong>Consultor\u00eda ac\u00fastica:<\/strong> Acustics Ambient Sl,<\/p>\n\n\n\n<p class=\"wp-block-paragraph\"><strong>Propietario y operador:<\/strong>&nbsp;Kategora Real State.<\/p>\n\n\n\n<p class=\"wp-block-paragraph\"><\/p>","protected":false},"excerpt":{"rendered":"<p>Oceanika forma parte de la edici\u00f3n especial de On Dise\u00f1o dedicada a los Premios FAD 2026, una publicaci\u00f3n que re\u00fane una selecci\u00f3n de los proyectos m\u00e1s destacados que han formado parte de esta edici\u00f3n de los prestigiosos premios de arquitectura y dise\u00f1o. La publicaci\u00f3n permite acercarse a Oceanika a trav\u00e9s de su documentaci\u00f3n gr\u00e1fica y [&hellip;]<\/p>\n","protected":false},"author":7,"featured_media":3710,"comment_status":"closed","ping_status":"open","sticky":false,"template":"","format":"standard","meta":{"_acf_changed":false,"inline_featured_image":false,"footnotes":""},"categories":[30,27],"tags":[],"class_list":["post-3709","post","type-post","status-publish","format-standard","has-post-thumbnail","hentry","category-publicaciones","category-news"],"acf":[],"_links":{"self":[{"href":"https:\/\/bakpakarchitects.com\/en\/wp-json\/wp\/v2\/posts\/3709","targetHints":{"allow":["GET"]}}],"collection":[{"href":"https:\/\/bakpakarchitects.com\/en\/wp-json\/wp\/v2\/posts"}],"about":[{"href":"https:\/\/bakpakarchitects.com\/en\/wp-json\/wp\/v2\/types\/post"}],"author":[{"embeddable":true,"href":"https:\/\/bakpakarchitects.com\/en\/wp-json\/wp\/v2\/users\/7"}],"replies":[{"embeddable":true,"href":"https:\/\/bakpakarchitects.com\/en\/wp-json\/wp\/v2\/comments?post=3709"}],"version-history":[{"count":3,"href":"https:\/\/bakpakarchitects.com\/en\/wp-json\/wp\/v2\/posts\/3709\/revisions"}],"predecessor-version":[{"id":3727,"href":"https:\/\/bakpakarchitects.com\/en\/wp-json\/wp\/v2\/posts\/3709\/revisions\/3727"}],"wp:featuredmedia":[{"embeddable":true,"href":"https:\/\/bakpakarchitects.com\/en\/wp-json\/wp\/v2\/media\/3710"}],"wp:attachment":[{"href":"https:\/\/bakpakarchitects.com\/en\/wp-json\/wp\/v2\/media?parent=3709"}],"wp:term":[{"taxonomy":"category","embeddable":true,"href":"https:\/\/bakpakarchitects.com\/en\/wp-json\/wp\/v2\/categories?post=3709"},{"taxonomy":"post_tag","embeddable":true,"href":"https:\/\/bakpakarchitects.com\/en\/wp-json\/wp\/v2\/tags?post=3709"}],"curies":[{"name":"wp","href":"https:\/\/api.w.org\/{rel}","templated":true}]}}